{"id":22699,"date":"2026-07-29T11:59:00","date_gmt":"2026-07-29T09:59:00","guid":{"rendered":"https:\/\/anhelo.es\/blog\/?p=22699"},"modified":"2026-07-08T10:23:02","modified_gmt":"2026-07-08T08:23:02","slug":"esencias-de-autor-rutina-noche-aromaterapia","status":"publish","type":"post","link":"https:\/\/anhelo.es\/blog\/perfumeria-y-cosmetica\/esencias-de-autor-rutina-noche-aromaterapia\/","title":{"rendered":"Rutina de noche: aromaterapia para un descanso reparador"},"content":{"rendered":"\n<p class=\"wp-block-paragraph\">El momento de irse a dormir comienza mucho antes de apagar la luz. De hecho, la forma en la que transcurren los \u00faltimos minutos del d\u00eda puede influir enormemente en la calidad del descanso y en la facilidad con la que conseguimos desconectar del ritmo diario.<\/p>\n\n\n\n<p class=\"wp-block-paragraph\">Despu\u00e9s de una jornada intensa, nuestro cuerpo necesita se\u00f1ales que le indiquen que es momento de bajar el ritmo. Una iluminaci\u00f3n m\u00e1s suave, un ambiente tranquilo, dejar a un lado las pantallas o dedicar unos minutos a la lectura pueden convertirse en peque\u00f1os rituales capaces de transformar completamente nuestras noches.<\/p>\n\n\n\n<p class=\"wp-block-paragraph\">Entre todos ellos, la aromaterapia ocupa un lugar especial. Y cuando se combina con <strong>esencias de autor<\/strong>, la rutina de noche puede convertirse en una experiencia mucho m\u00e1s personal, sensorial y reparadora.<\/p>\n\n\n\n<h2 class=\"wp-block-heading\">El poder de los aromas<\/h2>\n\n\n\n<p class=\"wp-block-paragraph\">El olfato tiene una capacidad \u00fanica para despertar emociones y recuerdos. Un aroma puede transportarnos a un lugar concreto, evocar momentos felices o generar una sensaci\u00f3n inmediata de calma y bienestar.<\/p>\n\n\n\n<p class=\"wp-block-paragraph\">La aromaterapia aprovecha precisamente esa conexi\u00f3n entre el olfato y las emociones para ayudarnos a crear ambientes m\u00e1s relajantes y favorecer el descanso.<\/p>\n\n\n\n<p class=\"wp-block-paragraph\">Aunque no sustituye unos buenos h\u00e1bitos de sue\u00f1o, s\u00ed puede convertirse en una herramienta maravillosa para acompa\u00f1ar nuestra rutina nocturna y preparar la mente para desconectar.<\/p>\n\n\n\n<p class=\"wp-block-paragraph\">Las <strong>esencias de autor<\/strong> aportan, adem\u00e1s, un matiz especial: no se limitan a perfumar un espacio, sino que crean una atm\u00f3sfera reconocible, cuidada y con personalidad propia.<\/p>\n\n\n\n<p class=\"wp-block-paragraph\">Si quieres profundizar en este tema, puedes leer nuestra entrada sobre <a href=\"https:\/\/anhelo.es\/blog\/perfumeria-y-cosmetica\/beneficios-de-la-aromaterapia-hogar\/\" target=\"_blank\" rel=\"noreferrer noopener\"><strong>los beneficios de la aromaterapia en el hogar<\/strong><\/a>.<\/p>\n\n\n\n<h2 class=\"wp-block-heading\">Crear se\u00f1ales para el descanso<\/h2>\n\n\n\n<p class=\"wp-block-paragraph\">Nuestro organismo funciona mejor cuando existen ciertas rutinas. Repetir peque\u00f1os gestos antes de acostarnos ayuda al cerebro a identificar que el d\u00eda est\u00e1 llegando a su fin.<\/p>\n\n\n\n<p class=\"wp-block-paragraph\">Preparar una infusi\u00f3n, bajar la intensidad de las luces, ordenar el dormitorio o dedicar unos minutos al cuidado personal son h\u00e1bitos sencillos que contribuyen a generar esa transici\u00f3n entre la actividad y el descanso.<\/p>\n\n\n\n<p class=\"wp-block-paragraph\">Los aromas pueden convertirse en una de esas se\u00f1ales.<\/p>\n\n\n\n<p class=\"wp-block-paragraph\">Con el tiempo, el simple hecho de percibir una determinada fragancia puede ayudarnos a asociarla autom\u00e1ticamente con la calma, el bienestar y el momento de dormir.<\/p>\n\n\n\n<p class=\"wp-block-paragraph\">Por eso, elegir <strong>esencias de autor<\/strong> para la noche puede ayudarnos a crear un ritual m\u00e1s consciente. Un aroma familiar, delicado y envolvente puede convertirse en ese peque\u00f1o gesto que marca el inicio del descanso.<\/p>\n\n\n<div class=\"wp-block-image\">\n<figure class=\"aligncenter size-full\"><img fetchpriority=\"high\" decoding=\"async\" width=\"800\" height=\"800\" src=\"https:\/\/anhelo.es\/blog\/wp-content\/uploads\/esencias-de-autor-vela-eleana-de-anhelo.webp\" alt=\"Esencias de autor - Vela de Eleana | Anhelo\" class=\"wp-image-22701\" srcset=\"https:\/\/anhelo.es\/blog\/wp-content\/uploads\/esencias-de-autor-vela-eleana-de-anhelo.webp 800w, https:\/\/anhelo.es\/blog\/wp-content\/uploads\/esencias-de-autor-vela-eleana-de-anhelo-768x768.webp 768w\" sizes=\"(max-width: 800px) 100vw, 800px\" \/><\/figure>\n<\/div>\n\n\n<h2 class=\"wp-block-heading\">Aromas especialmente indicados para la noche<\/h2>\n\n\n\n<p class=\"wp-block-paragraph\">Algunas fragancias resultan especialmente agradables para acompa\u00f1ar las \u00faltimas horas del d\u00eda.<\/p>\n\n\n\n<p class=\"wp-block-paragraph\">Las notas florales suaves suelen aportar sensaci\u00f3n de serenidad, mientras que los aromas c\u00e1lidos y envolventes ayudan a crear espacios acogedores y confortables. La combinaci\u00f3n entre flores delicadas y matices de \u00e1mbar o almizclados consigue generar una atm\u00f3sfera equilibrada y relajante; son perfectas para el dormitorio.<\/p>\n\n\n\n<p class=\"wp-block-paragraph\">Al final, la mejor fragancia ser\u00e1 siempre aquella que te haga sentir c\u00f3moda y que asocies con momentos de tranquilidad.<\/p>\n\n\n\n<p class=\"wp-block-paragraph\">Las <strong>esencias de autor<\/strong> permiten precisamente eso: encontrar un aroma que no resulte gen\u00e9rico, sino que conecte contigo, con tu casa y con la forma en la que quieres cerrar el d\u00eda.<\/p>\n\n\n\n<h2 class=\"wp-block-heading\">La importancia del ambiente<\/h2>\n\n\n\n<p class=\"wp-block-paragraph\">Muchas veces prestamos atenci\u00f3n al colch\u00f3n, a la temperatura o a la oscuridad de la habitaci\u00f3n, pero olvidamos que el entorno sensorial tambi\u00e9n forma parte del descanso.<\/p>\n\n\n\n<p class=\"wp-block-paragraph\">Una estancia ordenada, una iluminaci\u00f3n tenue y un aroma agradable pueden cambiar completamente la percepci\u00f3n del espacio y favorecer una sensaci\u00f3n de bienestar mucho m\u00e1s profunda.<\/p>\n\n\n\n<p class=\"wp-block-paragraph\">La aromaterapia no busca llenar la habitaci\u00f3n de perfume, sino crear una presencia sutil y constante que acompa\u00f1e el final del d\u00eda sin resultar invasiva.<\/p>\n\n\n\n<p class=\"wp-block-paragraph\">En este sentido, las <strong>esencias de autor<\/strong> son perfectas para quienes buscan fragancias cuidadas, elegantes y capaces de transformar el ambiente sin saturarlo.<\/p>\n\n\n\n<p class=\"wp-block-paragraph\">Puedes descubrir diferentes propuestas en nuestra secci\u00f3n de <a href=\"https:\/\/anhelo.es\/perfumes-exclusivos\" target=\"_blank\" rel=\"noreferrer noopener\"><strong>perfumes exclusivos para el hogar<\/strong><\/a>.<\/p>\n\n\n\n<figure class=\"wp-block-image size-full\"><img decoding=\"async\" width=\"800\" height=\"800\" src=\"https:\/\/anhelo.es\/blog\/wp-content\/uploads\/esencias-de-autor-difusor-anhelo.webp\" alt=\"Esencias de autor - Difusor | Anhelo\" class=\"wp-image-22702\" srcset=\"https:\/\/anhelo.es\/blog\/wp-content\/uploads\/esencias-de-autor-difusor-anhelo.webp 800w, https:\/\/anhelo.es\/blog\/wp-content\/uploads\/esencias-de-autor-difusor-anhelo-768x768.webp 768w\" sizes=\"(max-width: 800px) 100vw, 800px\" \/><\/figure>\n\n\n\n<h2 class=\"wp-block-heading\">Peque\u00f1os rituales para desconectar<\/h2>\n\n\n\n<p class=\"wp-block-paragraph\">No existe una \u00fanica forma de incorporar la aromaterapia a la rutina nocturna. Cada persona puede adaptarla a sus gustos y necesidades.<\/p>\n\n\n\n<p class=\"wp-block-paragraph\">Hay quienes prefieren encender una vela mientras leen unas p\u00e1ginas antes de dormir, quienes disfrutan perfumando ligeramente la estancia antes de acostarse o quienes optan por mantener un aroma constante durante toda la noche gracias a un difusor.<\/p>\n\n\n\n<p class=\"wp-block-paragraph\">Lo importante no es el formato, sino la sensaci\u00f3n que consigue generar.<\/p>\n\n\n\n<p class=\"wp-block-paragraph\">Las <strong>esencias de autor<\/strong> pueden integrarse de distintas maneras en ese ritual: con una vela arom\u00e1tica, con un difusor de varillas o con un spray de ambiente que prepare la habitaci\u00f3n en apenas unos segundos.<\/p>\n\n\n\n<p class=\"wp-block-paragraph\">Si te gustan los formatos duraderos y decorativos, tambi\u00e9n puedes leer nuestra gu\u00eda sobre <strong><a href=\"https:\/\/anhelo.es\/blog\/anhelo\/ambientador-mikado-para-tu-hogar\/\" target=\"_blank\" rel=\"noreferrer noopener\">ambientador mikado para el hogar<\/a>.<\/strong><\/p>\n\n\n\n<h2 class=\"wp-block-heading\">Aromas para acompa\u00f1ar tus noches<\/h2>\n\n\n\n<p class=\"wp-block-paragraph\">En Anhelo creemos profundamente en el poder que tienen los aromas para transformar espacios y momentos cotidianos en experiencias especiales.<\/p>\n\n\n\n<p class=\"wp-block-paragraph\">Para quienes buscan convertir la hora de dormir en un aut\u00e9ntico ritual de bienestar, nuestra colecci\u00f3n Eleana se ha convertido en una de las grandes protagonistas. Su combinaci\u00f3n de rosa, violeta, miel, lirio, jazm\u00edn, cipr\u00e9s, \u00e1mbar y almizcle crea una fragancia floral, elegante y envolvente que invita a la calma y al descanso.<\/p>\n\n\n\n<p class=\"wp-block-paragraph\">La <a href=\"https:\/\/anhelo.es\/perfumes-y-fragancias\/perfumes-exclusivos\/comprar-velas-aromaticas\" target=\"_blank\" rel=\"noreferrer noopener\"><strong>Vela arom\u00e1tica Anhelo Eleana<\/strong><\/a> es perfecta para acompa\u00f1ar esos minutos de lectura, una ducha relajante o simplemente un momento de desconexi\u00f3n antes de acostarse. Su luz tenue y su aroma ayudan a crear una atm\u00f3sfera c\u00e1lida y acogedora.<\/p>\n\n\n\n<p class=\"wp-block-paragraph\">Para quienes prefieren una fragancia constante y discreta durante toda la noche, el <a href=\"https:\/\/anhelo.es\/perfumes-y-fragancias\/perfumes-exclusivos\/difusor-anhelo-eleana\" target=\"_blank\" rel=\"noreferrer noopener\"><strong>Difusor Anhelo Eleana<\/strong><\/a> libera lentamente su aroma floral y c\u00e1lido, convirtiendo el dormitorio en un peque\u00f1o refugio de tranquilidad.<\/p>\n\n\n\n<p class=\"wp-block-paragraph\">Y si buscas un gesto r\u00e1pido para preparar el ambiente antes de dormir, el <strong><a href=\"https:\/\/anhelo.es\/perfumes-y-fragancias\/perfumes-exclusivos\/ambientador-en-spray\" target=\"_blank\" rel=\"noreferrer noopener\">Roomspray Eleana<\/a><\/strong> permite perfumar la habitaci\u00f3n o la ropa de cama en cuesti\u00f3n de segundos, aportando una agradable sensaci\u00f3n de confort desde el primer instante.<\/p>\n\n\n\n<p class=\"wp-block-paragraph\">Dentro de las <strong>esencias de autor<\/strong> de ANHELO, Eleana representa una forma delicada de entender el bienestar: un aroma reconocible, floral y envolvente, pensado para acompa\u00f1ar los momentos m\u00e1s tranquilos del d\u00eda.<\/p>\n\n\n\n<h2 class=\"wp-block-heading\">El valor de detenerse<\/h2>\n\n\n\n<p class=\"wp-block-paragraph\">En ocasiones buscamos grandes soluciones para mejorar nuestro bienestar cuando, en realidad, son los peque\u00f1os detalles los que terminan marcando la diferencia.<\/p>\n\n\n\n<p class=\"wp-block-paragraph\">Una luz c\u00e1lida, unos minutos de silencio, un libro sobre la mesilla o una fragancia familiar pueden convertirse en la mejor forma de cerrar el d\u00eda.<\/p>\n\n\n\n<p class=\"wp-block-paragraph\">Porque descansar no consiste \u00fanicamente en dormir m\u00e1s horas, sino en crear el espacio y el momento adecuados para hacerlo.<\/p>\n\n\n\n<p class=\"wp-block-paragraph\">Y a veces, el primer paso hacia un descanso verdaderamente reparador comienza simplemente con el aroma adecuado.<\/p>\n\n\n\n<p class=\"wp-block-paragraph\">Las <strong>esencias de autor<\/strong> nos recuerdan la importancia de detenernos, respirar y convertir lo cotidiano en un peque\u00f1o ritual de calma.<\/p>\n\n\n\n<h2 class=\"wp-block-heading\">Rutina de noche, aromaterapia para un descanso reparador<\/h2>\n\n\n\n<p class=\"wp-block-paragraph\">Los aromas Eleana son solo una parte de todas las propuestas que podr\u00e1s encontrar en Anhelo para acompa\u00f1ar tus momentos de calma y bienestar. Tanto en nuestra p\u00e1gina web como en nuestra tienda f\u00edsica disponemos de diferentes colecciones y aromas para el hogar, pensados para crear ambientes \u00fanicos y adaptarse a cada espacio y a cada persona.<\/p>\n\n\n\n<p class=\"wp-block-paragraph\">Y si eres de quienes prefieren descubrir un aroma en persona antes de elegirlo, te invitamos a visitarnos en tienda para que puedas conocer y oler todas nuestras opciones con tranquilidad. Porque hay aromas que simplemente nos gustan y otros que, desde el primer instante, sentimos como nuestros.<\/p>\n\n\n\n<p class=\"wp-block-paragraph\">En ANHELO, las <strong>esencias de autor<\/strong> nacen para transformar espacios, acompa\u00f1ar rutinas y crear momentos de bienestar con personalidad propia. Si quieres encontrar el aroma perfecto para tu dormitorio, puedes explorar nuestra selecci\u00f3n de <a href=\"https:\/\/anhelo.es\/perfumes-y-fragancias\" target=\"_blank\" rel=\"noreferrer noopener\"><strong>perfumer\u00eda y fragancias<\/strong><\/a> o contactar con nosotras a trav\u00e9s de la p\u00e1gina de <a href=\"https:\/\/anhelo.es\/contactenos\"><strong>contacto<\/strong><\/a>.<\/p>\n\n\n\n<p class=\"wp-block-paragraph\">Las <strong>esencias de autor<\/strong> no solo perfuman una habitaci\u00f3n: tambi\u00e9n ayudan a construir recuerdos, sensaciones y rituales que hacen que cada noche empiece de una forma m\u00e1s pausada, c\u00e1lida y especial. Puedes estar al tanto de todas nuestras novedades en nuestro perfil de <strong><a href=\"https:\/\/www.instagram.com\/an.hel.o\/\" target=\"_blank\" rel=\"noreferrer noopener\">Instagram<\/a><\/strong>. <\/p>\n\n\n\n<h2 class=\"wp-block-heading\">Preguntas frecuentes sobre esencias de autor y aromaterapia de noche<\/h2>\n\n\n<div id=\"rank-math-faq\" class=\"rank-math-block\">\n<div class=\"rank-math-list \">\n<div id=\"faq-question-1783498203393\" class=\"rank-math-list-item\">\n<h3 class=\"rank-math-question \">\u00bfQu\u00e9 son las esencias de autor?<\/h3>\n<div class=\"rank-math-answer \">\n\n<p>Las esencias de autor son fragancias creadas con una identidad propia, pensadas para transmitir sensaciones concretas y transformar el ambiente. En el hogar, ayudan a crear espacios m\u00e1s personales, acogedores y especiales.<\/p>\n\n<\/div>\n<\/div>\n<div id=\"faq-question-1783498213856\" class=\"rank-math-list-item\">\n<h3 class=\"rank-math-question \">\u00bfC\u00f3mo ayudan las esencias de autor en la rutina de noche?<\/h3>\n<div class=\"rank-math-answer \">\n\n<p>Las esencias de autor son fragancias creadas con una identidad propia, pensadas para transmitir sensaciones concretas y transformar el ambiente. En el hogar, ayudan a crear espacios m\u00e1s personales, acogedores y especiales.<\/p>\n\n<\/div>\n<\/div>\n<div id=\"faq-question-1783498234629\" class=\"rank-math-list-item\">\n<h3 class=\"rank-math-question \">\u00bfC\u00f3mo ayudan las esencias de autor en la rutina de noche?<\/h3>\n<div class=\"rank-math-answer \">\n\n<p>Las esencias de autor pueden convertirse en una se\u00f1al de calma antes de dormir. Al repetir su uso cada noche, el aroma se asocia con el descanso, la desconexi\u00f3n y el final del d\u00eda.<\/p>\n\n<\/div>\n<\/div>\n<div id=\"faq-question-1783498259905\" class=\"rank-math-list-item\">\n<h3 class=\"rank-math-question \">\u00bfQu\u00e9 aromas son recomendables para dormir mejor?<\/h3>\n<div class=\"rank-math-answer \">\n\n<p>Para la noche suelen funcionar muy bien los aromas florales suaves, c\u00e1lidos y envolventes. Notas como rosa, violeta, jazm\u00edn, \u00e1mbar o almizcle pueden ayudar a crear una atm\u00f3sfera tranquila y acogedora.<\/p>\n\n<\/div>\n<\/div>\n<div id=\"faq-question-1783498264814\" class=\"rank-math-list-item\">\n<h3 class=\"rank-math-question \">\u00bfLa aromaterapia sustituye una buena rutina de sue\u00f1o?<\/h3>\n<div class=\"rank-math-answer \">\n\n<p>No. La aromaterapia no sustituye h\u00e1bitos de sue\u00f1o saludables, pero puede acompa\u00f1arlos. Una fragancia agradable, una luz tenue y un ambiente ordenado pueden favorecer una sensaci\u00f3n de bienestar antes de dormir.<\/p>\n\n<\/div>\n<\/div>\n<\/div>\n<\/div>","protected":false},"excerpt":{"rendered":"<p>Las esencias de autor pueden transformar la rutina de noche en un ritual de calma, bienestar y desconexi\u00f3n.<br \/>\nDescubre c\u00f3mo la aromaterapia y los aromas Eleana de ANHELO ayudan a crear un ambiente perfecto para descansar.<\/p>\n","protected":false},"author":2,"featured_media":22700,"comment_status":"open","ping_status":"open","sticky":false,"template":"","format":"standard","meta":{"_jetpack_memberships_contains_paid_content":false,"footnotes":""},"categories":[43],"tags":[67],"class_list":["post-22699","post","type-post","status-publish","format-standard","has-post-thumbnail","hentry","category-perfumeria-y-cosmetica","tag-perfumeria-maison"],"jetpack_featured_media_url":"https:\/\/anhelo.es\/blog\/wp-content\/uploads\/esencias-de-autor-vela-y-spray-Anhelo.webp","jetpack_sharing_enabled":true,"_links":{"self":[{"href":"https:\/\/anhelo.es\/blog\/wp-json\/wp\/v2\/posts\/22699","targetHints":{"allow":["GET"]}}],"collection":[{"href":"https:\/\/anhelo.es\/blog\/wp-json\/wp\/v2\/posts"}],"about":[{"href":"https:\/\/anhelo.es\/blog\/wp-json\/wp\/v2\/types\/post"}],"author":[{"embeddable":true,"href":"https:\/\/anhelo.es\/blog\/wp-json\/wp\/v2\/users\/2"}],"replies":[{"embeddable":true,"href":"https:\/\/anhelo.es\/blog\/wp-json\/wp\/v2\/comments?post=22699"}],"version-history":[{"count":2,"href":"https:\/\/anhelo.es\/blog\/wp-json\/wp\/v2\/posts\/22699\/revisions"}],"predecessor-version":[{"id":22704,"href":"https:\/\/anhelo.es\/blog\/wp-json\/wp\/v2\/posts\/22699\/revisions\/22704"}],"wp:featuredmedia":[{"embeddable":true,"href":"https:\/\/anhelo.es\/blog\/wp-json\/wp\/v2\/media\/22700"}],"wp:attachment":[{"href":"https:\/\/anhelo.es\/blog\/wp-json\/wp\/v2\/media?parent=22699"}],"wp:term":[{"taxonomy":"category","embeddable":true,"href":"https:\/\/anhelo.es\/blog\/wp-json\/wp\/v2\/categories?post=22699"},{"taxonomy":"post_tag","embeddable":true,"href":"https:\/\/anhelo.es\/blog\/wp-json\/wp\/v2\/tags?post=22699"}],"curies":[{"name":"wp","href":"https:\/\/api.w.org\/{rel}","templated":true}]}}